{"id":946,"date":"2015-10-19T14:00:39","date_gmt":"2015-10-19T12:00:39","guid":{"rendered":"http:\/\/pension-absolutberlin.de\/reisefuehrer\/?p=946"},"modified":"2015-10-19T14:00:39","modified_gmt":"2015-10-19T12:00:39","slug":"ausflug-in-den-westen-chicago-das-musical","status":"publish","type":"post","link":"https:\/\/pension-absolutberlin.de\/reisefuehrer\/ausflug-in-den-westen-chicago-das-musical","title":{"rendered":"Ausflug in den Westen \u2013 \u201eChicago \u2013 das Musical\u201c"},"content":{"rendered":"<p><strong>Ihnen steht der Sinn nach einem aufregenden Abend? Nach Intrigen, Mord und Verrat, kombiniert mit rabenschwarzem Humor. Garniert mit leidenschaftlicher Musik und Tanzeinlagen, die das Blut in Wallung bringen. Dann lohnt sich ein Blick \u00fcber den (Prenzlauer) Berg zum Theater des Westens, wo das Musical \u201eChicago\u201c erneut seine Premiere in Berlin feierte. <\/strong><!--more--><\/p>\n<p><strong>\u201eChicago \u2013 Das Musical\u201c <\/strong><\/p>\n<p>Bereits zum dritten Mal wird das zweit-erfolgreichste Broadway-Musical aller Zeiten im Theater des Westens aufgef\u00fchrt. Nach den Inszenierungen in den Jahren 1988 und 1999 feierte es nun am 11. Oktober 2015 erneut Premiere in der deutschen Hauptstadt.<\/p>\n<figure id=\"attachment_947\" aria-describedby=\"caption-attachment-947\" style=\"width: 300px\" class=\"wp-caption alignright\"><img loading=\"lazy\" decoding=\"async\" class=\"wp-image-947 size-medium\" src=\"http:\/\/pension-absolutberlin.de\/reisefuehrer\/wp-content\/uploads\/2015\/10\/aStage_Chicago_Presse_34.jpg_c3301031a1O_klein-300x200.jpg\" alt=\"Szene - Wir beide Griffen nach dem Colt - mit Carien Keizer und Nigel Casey in den Hauptrollen.\" width=\"300\" height=\"200\" srcset=\"https:\/\/pension-absolutberlin.de\/reisefuehrer\/wp-content\/uploads\/2015\/10\/aStage_Chicago_Presse_34.jpg_c3301031a1O_klein-300x200.jpg 300w, https:\/\/pension-absolutberlin.de\/reisefuehrer\/wp-content\/uploads\/2015\/10\/aStage_Chicago_Presse_34.jpg_c3301031a1O_klein-900x600.jpg 900w, https:\/\/pension-absolutberlin.de\/reisefuehrer\/wp-content\/uploads\/2015\/10\/aStage_Chicago_Presse_34.jpg_c3301031a1O_klein.jpg 1024w\" sizes=\"auto, (max-width: 300px) 100vw, 300px\" \/><figcaption id=\"caption-attachment-947\" class=\"wp-caption-text\">Szene &#8211; Wir beide Griffen nach dem Colt &#8211; mit Carien Keizer und Nigel Casey in den Hauptrollen. \u00a9 Eventpress Radke<\/figcaption><\/figure>\n<p><strong>Die Story<\/strong><\/p>\n<p>Chicago in den 1920ern. Nach dem Mord an ihrem Liebhaber landet Roxie Hart im Gef\u00e4ngnis. Dort lernt sie Mama Morton, korrupte Drahtzieherin, und Velma Kelly, ebenfalls T\u00e4nzerin, kennen. Velma ist dank Morton und dem Staranwalt Billy Flynn ein Medienstar und hat gro\u00dfe Karrierepl\u00e4ne nach ihrer Freilassung. Einen Star will Flynn allerdings auch aus Roxie machen. Sie wird dank der Boulevardjournalistin Mary Sunshine als \u201eJazz-M\u00f6rderin\u201c ber\u00fchmt und stellt Velma in den Schatten. Das durchtriebene Spiel der Intrigen um Gunst und Ruhm beginnt.<\/p>\n<p>Eine schlichte schwarze B\u00fchne, auf der das 14-k\u00f6pfige Orchester mittig auf einem schwarzen Podest platziert ist. Die Inszenierung setzt vor allem auf die Ausdruckskraft der Darsteller und h\u00e4lt sich nicht mit vielen Requisiten oder einem aufwendigen B\u00fchnenbild auf. Die ganze Aufmerksamkeit des Publikums kann sich auf die starken Tanz- und Gesangseinlagen der Darsteller in reizvollen Kost\u00fcmen richten. Sowohl Dialoge als auch die Songs werden \u00fcbrigens komplett in Deutsch aufgef\u00fchrt, was vielleicht einige Zuschauer der Handlung besser folgen l\u00e4sst, jedoch auch um einige Wortwitze aus dem Original bringt. Trotzdem ist die Show ein wahres Erlebnis f\u00fcr alle Musical-Fans.<\/p>\n<p><strong>Das \u201eChicago\u201c Musical l\u00e4uft bis zum 17. Januar 2016 in Berlin im Theater des Westens.<\/strong><\/p>\n<p><strong>Das Theater<\/strong><\/p>\n<p>Das Theater des Westens z\u00e4hlt zu den bekanntesten Musical- und Operettenb\u00fchnen Berlins und befindet sich im Stadtteil Charlottenburg. Das Haus wurde 1895\/96 erbaut, seine Fassade zeigt eindeutige Parallelen zum Pariser Opernhaus Op\u00e9ra Garnier. Die Geschichte des Theaters ist gepr\u00e4gt von vielen k\u00fcnstlerischen und zeitgeschichtlichen H\u00f6hen und Tiefen. Seit 2002 geh\u00f6rt es zum niederl\u00e4ndischen Musical-Konzern Stage Entertainment.<\/p>\n<p><strong>In einer halben Stunden von der gem\u00fctlichen Pension ins Chicago der 1920er<\/strong>:<\/p>\n<ul>\n<li>Ab dem S+U Bahnhof Sch\u00f6nhauser Allee mit der Ringbahn S42 bis S+U Bahnhof Westhafen.<\/li>\n<li>Umsteigen in die U9 Richtung S+U Rathaus Steglitz bis S+U Zoologischer Garten.<\/li>\n<\/ul>\n<p>Theater des Westens<\/p>\n<p>Kantstra\u00dfe 12, 10623 Berlin<\/p>\n<p>Ticket-Hotline*: 01805 \/ 44 44 \/\/ Mo-Fr: 8-21 Uhr, Sa: 8-20 Uhr, So: 10-20 Uhr<\/p>\n<p>(*14 Ct.\/Min. aus dem deutschen Festnetz, max. 42 Ct.\/Min. aus dem Mobilfunknetz)<\/p>\n<p><a href=\"http:\/\/www.stage-entertainment.de\/landingpages\/theater-des-westens.html?et_cid=148&amp;et_lid=1077325\" target=\"_blank\" class=\"liexternal\">Zur Website<\/a><\/p>\n","protected":false},"excerpt":{"rendered":"<p>Ihnen steht der Sinn nach einem aufregenden Abend? Nach Intrigen, Mord und Verrat, kombiniert mit rabenschwarzem Humor. Garniert mit leidenschaftlicher Musik und Tanzeinlagen, die das Blut in Wallung bringen. Dann &hellip; <\/p>\n","protected":false},"author":8,"featured_media":951,"comment_status":"open","ping_status":"open","sticky":false,"template":"","format":"standard","meta":{"ngg_post_thumbnail":0,"footnotes":"","_links_to":"","_links_to_target":""},"categories":[10],"tags":[111,97],"class_list":["post-946","post","type-post","status-publish","format-standard","has-post-thumbnail","hentry","category-ausgehen-rund-um-die-pension","tag-musical","tag-theater"],"aioseo_notices":[],"_links":{"self":[{"href":"https:\/\/pension-absolutberlin.de\/reisefuehrer\/wp-json\/wp\/v2\/posts\/946","targetHints":{"allow":["GET"]}}],"collection":[{"href":"https:\/\/pension-absolutberlin.de\/reisefuehrer\/wp-json\/wp\/v2\/posts"}],"about":[{"href":"https:\/\/pension-absolutberlin.de\/reisefuehrer\/wp-json\/wp\/v2\/types\/post"}],"author":[{"embeddable":true,"href":"https:\/\/pension-absolutberlin.de\/reisefuehrer\/wp-json\/wp\/v2\/users\/8"}],"replies":[{"embeddable":true,"href":"https:\/\/pension-absolutberlin.de\/reisefuehrer\/wp-json\/wp\/v2\/comments?post=946"}],"version-history":[{"count":3,"href":"https:\/\/pension-absolutberlin.de\/reisefuehrer\/wp-json\/wp\/v2\/posts\/946\/revisions"}],"predecessor-version":[{"id":957,"href":"https:\/\/pension-absolutberlin.de\/reisefuehrer\/wp-json\/wp\/v2\/posts\/946\/revisions\/957"}],"wp:featuredmedia":[{"embeddable":true,"href":"https:\/\/pension-absolutberlin.de\/reisefuehrer\/wp-json\/wp\/v2\/media\/951"}],"wp:attachment":[{"href":"https:\/\/pension-absolutberlin.de\/reisefuehrer\/wp-json\/wp\/v2\/media?parent=946"}],"wp:term":[{"taxonomy":"category","embeddable":true,"href":"https:\/\/pension-absolutberlin.de\/reisefuehrer\/wp-json\/wp\/v2\/categories?post=946"},{"taxonomy":"post_tag","embeddable":true,"href":"https:\/\/pension-absolutberlin.de\/reisefuehrer\/wp-json\/wp\/v2\/tags?post=946"}],"curies":[{"name":"wp","href":"https:\/\/api.w.org\/{rel}","templated":true}]}}