{"id":497,"date":"2011-02-20T22:01:02","date_gmt":"2011-02-20T21:01:02","guid":{"rendered":"http:\/\/pension-absolutberlin.de\/reisefuehrer\/?p=497"},"modified":"2019-09-26T16:07:56","modified_gmt":"2019-09-26T14:07:56","slug":"schoenhauser-allee-adressen","status":"publish","type":"post","link":"https:\/\/pension-absolutberlin.de\/reisefuehrer\/schoenhauser-allee-adressen","title":{"rendered":"Sch\u00f6nhauser Allee Adressen"},"content":{"rendered":"<p><span style=\"font-size: 13px;\">Steigen Sie am U-Bahnhof Rosa-Luxemburg-Platz&nbsp;aus und schauen Sie sich an, was links und rechts in den letzten hundert Jahren aus der einstigen Landstra\u00dfe nach Sch\u00f6nhausen geworden ist. In den letzten zehn Jahren waren die Ver\u00e4nderungen besonders st\u00fcrmisch.<\/span><\/p>\n<p>Hard Facts:<br \/>\nDie Stra\u00dfe ist 2775 Meter lang&nbsp;und das &#8222;R\u00fcckgrat&#8220; des Stadtbezirks Prenzlauer Berg. Sie erstreckt sich zwischen Bornholmer, Wisbyer Stra\u00dfe im&nbsp;Norden (fast Grenze zu Pankow) und Torstra\u00dfe im S\u00fcden (Grenze nach Mitte). Auf gut der H\u00e4lfte f\u00e4hrt die U2&nbsp;auf einem eisernen Ger\u00fcst, von dem das Ger\u00fccht geht, die Berliner w\u00fcrden es &nbsp;&#8222;Magistratsschirm&#8220; &nbsp;nennen.<\/p>\n<p>Zu dieser \u00dcbersicht:<br \/>\nAdressen von S\u00fcden nach Nordenbzw. von unten nach oben (jedenfalls so ungef\u00e4hr). Die Hausnummern steigen auf der rechten Seite stadtausw\u00e4rts&nbsp;von 1 (am Rosa-Luxemburg-Platz) bis zur Ecke Wisbyer (Nr. 92)&nbsp; von dort geht es stadteinw\u00e4rts zum Rosa-Luxemburg-Platz.<\/p>\n<p>&nbsp;<\/p>\n<p>U-Bahnhof Rosa-Luxemburg-Platz<br \/>\n<a href=\"http:\/\/www.michaplanet.de\/welt\/bahnen\/bhf\/bu238.htm\">die U2-Fanseite<br \/>\n<\/a><a href=\"http:\/\/www.bvg.de\/index.html\" class=\"liexternal\">Berliner Verkehrsbetriebe<\/a> (BVG)<\/p>\n<table id=\"AutoNumber1\" style=\"border-collapse: collapse; height: 4855px;\" border=\"0\" width=\"1793\" cellspacing=\"5\" cellpadding=\"0\">\n<tbody>\n<tr>\n<td style=\"width: 179px;\" valign=\"top\" bgcolor=\"#FFFFFF\" height=\"28\"><span style=\"font-size: small;\"><span style=\"font-family: arial, helvetica, sans-serif;\"><strong><span style=\"color: #000000;\">Nr.<\/span><\/strong><\/span><\/span><\/td>\n<td style=\"width: 554px;\" valign=\"top\" bgcolor=\"#FFFFFF\" height=\"28\">&nbsp;<\/td>\n<td style=\"width: 1056px;\" valign=\"top\" bgcolor=\"#FFFFFF\" height=\"28\"><span style=\"font-size: small;\"><span style=\"font-family: arial, helvetica, sans-serif;\"><strong><span style=\"color: #000000;\">mehr Infos, Fu\u00df- und Literatouren<\/span><\/strong><\/span><\/span><\/td>\n<\/tr>\n<tr>\n<td style=\"width: 179px;\" valign=\"top\" bgcolor=\"#F2F2F2\" height=\"28\">&nbsp;<\/td>\n<td style=\"width: 554px;\" valign=\"top\" bgcolor=\"#F2F2F2\" height=\"28\"><span style=\"font-size: small;\"><span style=\"font-family: arial, helvetica, sans-serif;\"><strong><span style=\"color: #000000;\">Volksb\u00fchne<\/span><\/strong><\/span><\/span><\/p>\n<p>&#8222;Das Schlimmste am Theater ist f\u00fcr mich<br \/>\ndie totale Verwechselbarkeit&#8220;, sagt Castorf,<br \/>\nseit 1992 Intendant der Volksb\u00fchne.<\/p>\n<p>&nbsp;<\/p>\n<p>&nbsp;<\/p>\n<p>&nbsp;<\/p>\n<p>&nbsp;<\/p>\n<p>&nbsp;<\/td>\n<td style=\"width: 1056px;\" valign=\"top\" bgcolor=\"#F2F2F2\" height=\"28\"><span style=\"font-size: small;\"><span style=\"font-family: arial, helvetica, sans-serif;\"><strong><span style=\"color: #000000;\"> Volksb\u00fchne am Rosa-Luxemburg-Platz eigentlich Linienstra\u00dfe 227 seit 1914 wird am Rosa-Luxemburg-Platz Theater gemacht, &#8222;Die Volksb\u00fchne unter dem Meister des St\u00fcckezertr\u00fcmmerns und Neureflektierens ist eben ein sehr offenes, experimentierfreudiges, ziemlich innovatives Theater.&#8220; (<a href=\"http:\/\/www.berlinonline.de\/kulturorte\/theater\/.html\/volksbuehne.html\" class=\"liexternal\">Berlinonline<\/a>) <a href=\"http:\/\/www.volksbuehne-berlin.de\/ftflash\/index.html\" class=\"liexternal\">Webseite der Volksb\u00fchne<\/a>, Kartenbestellung 030 2476772 <\/span><\/strong><\/span><\/span><\/td>\n<\/tr>\n<tr>\n<td style=\"width: 179px;\" valign=\"top\" bgcolor=\"#F2F2F2\" height=\"28\"><span style=\"font-size: small;\"><span style=\"font-family: arial, helvetica, sans-serif;\"><strong><span style=\"color: #000000;\">10<\/span><\/strong><\/span><\/span><\/td>\n<td style=\"width: 554px;\" valign=\"top\" bgcolor=\"#F2F2F2\" height=\"28\"><span style=\"color: #006633;\"><span style=\"font-size: small;\"><span style=\"color: #000000;\"><span style=\"font-family: arial, helvetica, sans-serif;\"><strong><span style=\"color: #000000;\"> Karl-Heinz Steffens Rechtsanwalt <\/span><\/strong><\/span><\/span><\/span><\/span><\/td>\n<td style=\"width: 1056px;\" valign=\"top\" bgcolor=\"#F2F2F2\" height=\"28\"><span style=\"color: #006633;\"><span style=\"font-size: small;\"><strong><span style=\"color: #000000;\">Sch\u00f6nhauser Allee 10-11 10119 Berlin-Mitte E-Mail: <a href=\"mailto:info@rasteffens.de\" style=\"font-family: arial, helvetica, sans-serif;\" class=\"limailto\">info@rasteffens.de<\/a> Internet: <a style=\"font-family: arial, helvetica, sans-serif;\" href=\"http:\/\/www.rasteffens.de\" target=\"_blank\" rel=\"noopener noreferrer\"> www.rasteffens.de<br \/>\n<\/a> <\/span><\/strong><\/span><\/span><\/td>\n<\/tr>\n<tr>\n<td style=\"width: 179px;\" valign=\"top\" bgcolor=\"#F2F2F2\" height=\"28\"><span style=\"font-size: small;\"><span style=\"font-family: arial, helvetica, sans-serif;\"><strong><span style=\"color: #000000;\"> <span class=\"txt\">177b<\/span><\/span><\/strong><\/span><\/span><\/td>\n<td style=\"width: 554px;\" valign=\"top\" bgcolor=\"#F2F2F2\" height=\"28\"><span style=\"font-size: small;\"><span style=\"font-family: arial, helvetica, sans-serif;\"><strong><span style=\"color: #000000;\"> <span class=\"txt\">Kneipe: 8mm<\/span><\/span><\/strong><\/span><\/span><\/td>\n<td style=\"width: 1056px;\" valign=\"top\" bgcolor=\"#F2F2F2\" height=\"28\"><span style=\"font-size: small;\"><span style=\"font-family: arial, helvetica, sans-serif;\"><span class=\"txt\"><strong><span style=\"color: #000000;\">Eine Meinung auf <a href=\"http:\/\/blog.amstertamm.de\/archives\/000066.html\" class=\"liexternal\">blog.amstertamm<\/a><\/span><\/strong><\/span><\/span><\/span><\/td>\n<\/tr>\n<tr>\n<td style=\"width: 179px;\" valign=\"top\" bgcolor=\"#F2F2F2\" height=\"46\"><span style=\"font-size: small;\"><span style=\"font-family: arial, helvetica, sans-serif;\"><strong><span style=\"color: #000000;\"> 31<\/span><\/strong><\/span><\/span><\/td>\n<td style=\"width: 554px;\" valign=\"top\" bgcolor=\"#F2F2F2\" height=\"46\"><span style=\"font-size: small;\"><span style=\"font-family: arial, helvetica, sans-serif;\"><strong><span style=\"color: #000000;\"> Gedenktafel f\u00fcr Heinz Galinski<\/span><\/strong><\/span><\/span><\/td>\n<td style=\"width: 1056px;\" valign=\"top\" bgcolor=\"#F2F2F2\" height=\"46\"><span style=\"font-size: small;\"><span style=\"font-family: arial, helvetica, sans-serif;\"><strong><span style=\"color: #000000;\"> <a href=\"http:\/\/www.luise-berlin.de\/Ehrung\/g\/galinski_heinz.htm\" class=\"liexternal\"> http:\/\/www.luise-berlin.de\/Ehrung\/g\/galinski_heinz.htm<\/a> <\/span><\/strong><\/span><\/span><\/td>\n<\/tr>\n<tr>\n<td style=\"width: 179px;\" valign=\"top\" bgcolor=\"#F2F2F2\" height=\"198\"><span style=\"font-size: small;\"><span style=\"font-family: arial, helvetica, sans-serif;\"><strong><span style=\"color: #000000;\"> 22<\/span><\/strong><\/span><\/span><\/td>\n<td style=\"width: 554px;\" valign=\"top\" bgcolor=\"#F2F2F2\" height=\"198\"><span style=\"font-size: small;\"><span style=\"font-family: arial, helvetica, sans-serif;\"><strong><span style=\"color: #000000;\"> J\u00fcdischer Friedhof<\/span><\/strong><\/span><\/span><\/p>\n<p>&nbsp;<\/td>\n<td style=\"width: 1056px;\" valign=\"top\" bgcolor=\"#F2F2F2\" height=\"198\"><span style=\"font-size: small;\"><span style=\"font-family: arial, helvetica, sans-serif;\"><strong><span style=\"color: #000000;\"> Herren m\u00fcssen beim Besuch Kopfbedeckung tragen! Am Sonnabend geschlossen. <a href=\"http:\/\/www.graveyards.de\/html\/friedhoefe\/B.jued.prenzlau.htm\" class=\"liexternal\"> mehr Fotos<\/a><\/span><\/strong><\/span><\/span><\/td>\n<\/tr>\n<tr>\n<td style=\"width: 179px;\" valign=\"top\" bgcolor=\"#F2F2F2\" height=\"204\"><span style=\"font-size: small;\"><span style=\"font-family: arial, helvetica, sans-serif;\"><strong><span style=\"color: #000000;\"> 28<\/span><\/strong><\/span><\/span><\/td>\n<td style=\"width: 554px;\" valign=\"top\" bgcolor=\"#F2F2F2\" height=\"204\"><span style=\"font-size: small;\"><span style=\"font-family: arial, helvetica, sans-serif;\"><strong><span style=\"color: #000000;\">inBUILT iT + Internet Services<\/span><\/strong><\/span><\/span><\/p>\n<p>&nbsp;<\/p>\n<p>&nbsp;<\/p>\n<p>&nbsp;<\/p>\n<p>&nbsp;<\/td>\n<td style=\"width: 1056px;\" valign=\"top\" bgcolor=\"#F2F2F2\" height=\"204\"><span style=\"font-size: small;\"><span style=\"font-family: arial, helvetica, sans-serif;\"><strong><span style=\"color: #000000;\">inBUILT iT + Internet Services<br \/>\nNetzwerke | Webhosting | Applikationen D&nbsp;10435 Berlin (+49) 030 263 215 81 <a href=\"mailto:info@arcmda.de\" class=\"limailto\">info@inbuilt.de<\/a> http:\/\/inbuilt.de\/<\/span><\/strong><\/span><\/span><\/td>\n<\/tr>\n<tr>\n<td style=\"width: 179px;\" valign=\"top\" bgcolor=\"#F2F2F2\" height=\"133\">&nbsp;<\/td>\n<td style=\"width: 554px;\" valign=\"top\" bgcolor=\"#F2F2F2\" height=\"133\"><span style=\"font-size: small;\"><span style=\"font-family: arial, helvetica, sans-serif;\"><strong><span style=\"color: #000000;\">U-Bahnhof Senefelder Platz<\/span><\/strong><\/span><\/span><\/p>\n<p>&nbsp;<\/p>\n<p>&nbsp;<\/p>\n<p>&nbsp;<\/p>\n<p>&nbsp;<\/p>\n<p>&nbsp;<\/td>\n<td style=\"width: 1056px;\" valign=\"top\" bgcolor=\"#F2F2F2\" height=\"133\"><span style=\"font-size: small;\"><span style=\"font-family: arial, helvetica, sans-serif;\"><strong><span style=\"color: #000000;\">U-Bahnhof Senefelder Platz, <a href=\"http:\/\/www.michaplanet.de\/welt\/bahnen\/bhf\/bu237.htm\" class=\"liexternal\">die Fanseite<\/a> <\/span><\/strong><\/span><\/span><\/td>\n<\/tr>\n<tr>\n<td style=\"width: 179px;\" valign=\"top\" bgcolor=\"#F2F2F2\" height=\"124\"><span style=\"font-size: small;\"><span style=\"font-family: arial, helvetica, sans-serif;\"><strong><span style=\"color: #000000;\"> 41<\/span><\/strong><\/span><\/span><\/td>\n<td style=\"width: 554px;\" valign=\"top\" bgcolor=\"#F2F2F2\" height=\"124\"><span style=\"font-size: small;\"><span style=\"font-family: arial, helvetica, sans-serif;\"><strong><span style=\"color: #000000;\">Frank Rothe<\/span><\/strong><\/span><\/span><\/p>\n<p>&nbsp;<\/p>\n<p>&nbsp;<\/p>\n<p>&nbsp;<\/p>\n<p>&nbsp;<\/p>\n<p>&nbsp;<\/td>\n<td style=\"width: 1056px;\" valign=\"top\" bgcolor=\"#F2F2F2\" height=\"124\"><span style=\"font-size: small;\"><span style=\"font-family: arial, helvetica, sans-serif;\"><span style=\"color: #000000;\"><span style=\"color: #000000;\"><span style=\"font-family: arial, helvetica, sans-serif;\"><strong><a href=\"http:\/\/www.frankrothe.de\/\" class=\"liexternal\"> Frank Rothe<\/a> <\/strong><\/span><\/span><\/span><\/span><\/span><\/p>\n<p>&nbsp;<\/p>\n<p>&nbsp;<\/p>\n<p><a href=\"mailto:worldpictures@frankrothe.de\" class=\"limailto\"><span style=\"font-size: small;\"><span style=\"color: #000000;\"><span style=\"font-family: arial, helvetica, sans-serif;\"><strong>worldpictures@frankrothe.de<\/strong><\/span><\/span><\/span><\/a><\/p>\n<p><span style=\"font-size: small;\"><span style=\"color: #000000;\"><span style=\"font-family: arial, helvetica, sans-serif;\"><strong>phone: +49 30 443-410-13, <\/strong><\/span><\/span><\/span><span style=\"font-family: arial, helvetica, sans-serif; font-size: small;\"><strong>mobile: +49 171 931-83-23<\/strong><\/span><\/p>\n<p>&nbsp;<\/td>\n<\/tr>\n<tr>\n<td style=\"width: 179px;\" valign=\"top\" bgcolor=\"#F2F2F2\" height=\"93\"><span style=\"font-size: small;\"><span style=\"font-family: arial, helvetica, sans-serif;\"><strong><span style=\"color: #000000;\"> 184<\/span><\/strong><\/span><\/span><\/td>\n<td style=\"width: 554px;\" valign=\"top\" bgcolor=\"#F2F2F2\" height=\"93\"><span style=\"font-family: arial, helvetica, sans-serif; font-size: small;\"><strong><span style=\"color: #000000;\">F\u00f6rderverein haGalil e.V. Comedy Club<br \/>\nKookaburra<\/span><\/strong><\/span><span style=\"font-size: small;\"><span style=\"font-family: arial, helvetica, sans-serif;\"><strong><span style=\"color: #000000;\"><span style=\"font-size: 11px;\"><br \/>\n<\/span><br \/>\n<\/span><\/strong><\/span><\/span><\/td>\n<td style=\"width: 1056px;\" valign=\"top\" bgcolor=\"#F2F2F2\" height=\"93\"><span style=\"font-size: small;\"><span style=\"font-family: arial, helvetica, sans-serif;\"><strong><span style=\"color: #000000;\">Kookaburra <a href=\"mailto:info@comedyclub.de\" class=\"limailto\">info@comedyclub.de<\/a> 030 48623186 Preise 5-12\u20ac Shows Mo-Sa 20.30 Uhr; So 20.00 Uhr<\/span><\/strong><\/span><\/span><\/td>\n<\/tr>\n<tr>\n<td style=\"width: 179px;\" valign=\"top\" bgcolor=\"#F2F2F2\" height=\"122\">&nbsp;<\/td>\n<td style=\"width: 554px;\" valign=\"top\" bgcolor=\"#F2F2F2\" height=\"122\"><span style=\"font-size: small;\"><span style=\"font-family: arial, helvetica, sans-serif;\"><strong><span style=\"color: #000000;\"> MEDIENHAUS am Senefelder Platz&nbsp;<\/span><\/strong><\/span><\/span><\/td>\n<td style=\"width: 1056px;\" valign=\"top\" bgcolor=\"#F2F2F2\" height=\"122\"><span style=\"font-size: small;\"><span style=\"font-family: arial, helvetica, sans-serif;\"><strong><span style=\"color: #000000;\">Neben <a href=\"http:\/\/www.datenklang.de\/kontakt_medienhaus_am_senefelder_platz.htm\" class=\"liexternal\"> DATENKLANG<\/a> befinden sich im MEDIENHAUS acht Tonstudios, drei Videoschnittstudios, zwei Label und zwei Konzertagenturen, ein ausgezeichneter; Netzwerkservice und Softwareentwickler und ein privater Club f\u00fcr Veranstaltungen mit Bar, Lounge, gro\u00dfen Projektionsfl\u00e4chen und einer Tanzfl\u00e4che von 90 m\u00b2!<\/span><\/strong><\/span><\/span><\/td>\n<\/tr>\n<tr>\n<td style=\"width: 179px;\" valign=\"top\" bgcolor=\"#F2F2F2\" height=\"116\"><span style=\"font-size: small;\"><span style=\"font-family: arial, helvetica, sans-serif;\"><strong><span style=\"color: #000000;\"> 178<\/span><\/strong><\/span><\/span><\/td>\n<td style=\"width: 554px;\" valign=\"top\" bgcolor=\"#F2F2F2\" height=\"116\"><span style=\"font-size: small;\"><span style=\"font-family: arial, helvetica, sans-serif;\"><strong><span style=\"color: #000000;\">Gewobag<\/span><\/strong><\/span><\/span><\/p>\n<p>&nbsp;<\/p>\n<p>&nbsp;<\/p>\n<p>&nbsp;<\/p>\n<p>&nbsp;<\/p>\n<p>&nbsp;<\/td>\n<td style=\"width: 1056px;\" valign=\"top\" bgcolor=\"#F2F2F2\" height=\"116\"><span style=\"font-size: small;\"><span style=\"font-family: arial, helvetica, sans-serif;\"><strong><span style=\"color: #000000;\"><span class=\"weiss\"> <a href=\"http:\/\/www.gewobag-verbund.de\/content\/planenbauen\/planenbauen.php?navid=5&amp;planbau=18&amp;selobject=19\"> Neubau der Gewobag<br \/>\n<\/a>Wohn- und Gesch\u00e4ftshaus Sch\u00f6nhauser Allee<\/span>Die Gewobag geh\u00f6rt zu 100% dem Land Berlin. Das Land Berlin hat im September 2000 dem Erwerb von jeweils 90 % der Gesch\u00e4ftsanteile an den Gesellschaften WIR und WIP durch die GEWOBAG zugestimmt. Hierdurch entstand der neue Unternehmensverbund GEWOBAG.<\/span><\/strong><\/span><\/span><\/td>\n<\/tr>\n<tr>\n<td style=\"width: 179px;\" valign=\"top\" bgcolor=\"#F2F2F2\" height=\"116\"><span style=\"font-size: small;\"><span style=\"font-family: arial, helvetica, sans-serif;\"><strong><span style=\"color: #000000;\">176<\/span><\/strong><\/span><\/span><\/td>\n<td style=\"width: 554px;\" valign=\"top\" bgcolor=\"#F2F2F2\" height=\"116\"><span style=\"font-size: small;\"><span style=\"font-size: small;\"><span style=\"font-family: arial, helvetica, sans-serif;\"><strong><span style=\"color: #000000;\"> Pfefferberg <a href=\"http:\/\/www.pfefferwerk.net\/stadtkultur\/aktuelles\/start_aktuell.php\"><span class=\"bigwhite kursiv\">Stadtkultur<\/span> <span class=\"smallwhite\">gGmbH<br \/>\n<\/span><\/a><\/span><\/strong><\/span><\/span><\/span>&nbsp;&nbsp;&nbsp;<\/p>\n<p>&nbsp;<\/p>\n<p>&nbsp;<\/td>\n<td style=\"width: 1056px;\" valign=\"top\" bgcolor=\"#F2F2F2\" height=\"116\"><span style=\"font-size: small;\"><span style=\"font-family: arial, helvetica, sans-serif;\"><strong><span style=\"color: #000000;\">Pfefferberg \u2013 so wird umgangssprachlich das Gel\u00e4nde der \u00e4ltesten Brauerei im heutigen Prenzlauer Berg bezeichnet. Vor allem unter dem s\u00fcdlichen Hof und den ihn begrenzenden Geb\u00e4uden erstrecken sich auf einer Fl\u00e4che von mehr als 2.800 qm die Kelleranlagen &#8211; bis zu neun Metern hohe Tonnengew\u00f6lbe. Mit der im Februar 2001 begonnenen umfassenden Sanierung wird die historische Bausubstanz auf dem Pfefferberg nach den Pl\u00e4nen von Bernhard El Khoury (Beirut) und unter der Leitung der Architekten Christian Faber und Klaus D. Krebs (Berlin) in den n\u00e4chsten Jahren vollst\u00e4ndig zur Nutzung erschlossen.<a href=\"http:\/\/www.pwag.net\/\" class=\"liexternal\"> Veranstaltungen<\/a> <a href=\"http:\/\/www.pfefferberg.de\/htdocs\/iindex.html\" class=\"liexternal\"> Geschichte<\/a> <\/span><\/strong><\/span><\/span><\/td>\n<\/tr>\n<tr>\n<td style=\"width: 179px;\" valign=\"top\" bgcolor=\"#F2F2F2\" height=\"187\"><span style=\"font-size: small;\"><span style=\"font-family: arial, helvetica, sans-serif;\"><strong><span style=\"color: #000000;\"> 123<\/span><\/strong><\/span><\/span><\/td>\n<td style=\"width: 554px;\" valign=\"top\" bgcolor=\"#F2F2F2\" height=\"187\"><span style=\"font-size: small;\"><span style=\"font-size: small;\"><span style=\"font-family: arial, helvetica, sans-serif;\"><strong><span style=\"color: #000000;\"><a href=\"http:\/\/www.webloc.de\/kino\/strassen\/schoe123.htm\"> Colosseum<br \/>\n<\/a>&nbsp;<\/span><\/strong><\/span><\/span><\/span>&nbsp;&nbsp;&nbsp;<\/p>\n<p>&nbsp;<\/p>\n<p>&nbsp;<\/td>\n<td style=\"width: 1056px;\" valign=\"top\" bgcolor=\"#F2F2F2\" height=\"187\"><span style=\"font-size: small;\"><span style=\"font-family: arial, helvetica, sans-serif;\"><strong><span style=\"color: #000000;\"> <a href=\"http:\/\/www.webloc.de\/kino\/strassen\/schoe123.htm\" class=\"liexternal\">das alte Colosseum<\/a> \/ <a href=\"http:\/\/www.cinemaxx.de\/programm\/info.asp?Center=D106\" class=\"liexternal\">das neue Colosseum<\/a>10437 BerlinKartenreservierung Berlin 0 18 05 \/ 24 63 62 99 An der Sch\u00f6nhauser Allee entstand aus einem denkmalgesch\u00fctzten Kinosaal und den dahinterliegenden Stallungen ein Multiplexkino mit insgesamt 10 S\u00e4len auf zwei Ebenen <\/span><\/strong><\/span><\/span><\/td>\n<\/tr>\n<tr>\n<td style=\"width: 179px;\" valign=\"top\" bgcolor=\"#F2F2F2\" height=\"1\"><span style=\"font-size: small;\"><span style=\"font-family: arial, helvetica, sans-serif;\"><strong><span style=\"color: #000000;\">36 + 37<\/span><\/strong><\/span><\/span><\/td>\n<td style=\"width: 554px;\" valign=\"top\" bgcolor=\"#F2F2F2\" height=\"1\"><span style=\"font-size: small;\"><span style=\"font-size: small;\"><span style=\"font-family: arial, helvetica, sans-serif;\"><strong><span style=\"color: #000000;\"> <a href=\"http:\/\/www.kulturbrauerei.de\/\" class=\"liexternal\"> Kulturbrauerei<\/a><br \/>\n<a href=\"http:\/\/www.alte-kantine.de\/\"> <span style=\"-webkit-text-decorations-in-effect: none;\">Alte Kantine<br \/>\n<\/span><\/a>&nbsp;<br \/>\nOpen Air Klassik<br \/>\n&nbsp;<br \/>\nTourist Information Center<\/span><\/strong><\/span><\/span><\/span>&nbsp;<\/td>\n<td style=\"width: 1056px;\" valign=\"top\" bgcolor=\"#F2F2F2\" height=\"1\"><span style=\"font-size: small;\"><span style=\"font-family: arial, helvetica, sans-serif;\"><strong><span style=\"color: #000000;\">Auf dem 25.000 m\u00b2 gro\u00dfen wundersch\u00f6nen Bauensemble der KulturBrauerei mit seinen H\u00f6fen und seiner Architektur bietet sich dem Besucher Konzerte, Ausstellungen, Lesungen, Gespr\u00e4che und Diskussionen, Theaterauff\u00fchrungen, Kinderkultur, Festivals, Partys und Gastronomie.ua. <span class=\"head\"> KINO in der KulturBrauerei, <\/span> Alte Kantine <a href=\"http:\/\/www.alte-kantine.de\/\" class=\"liexternal\">Programm<\/a> Kesselhaus <a href=\"http:\/\/www.kesselhaus-berlin.de\/\" class=\"liexternal\">Programm<\/a> Tourist Information Center <a href=\"http:\/\/www.tic-prenzlauerberg.de.\" class=\"liexternal\">(TIC)<\/a> Neben Beratung und Information bietet das TIC Konzert- u. Theaterkarten, ebenso Berlin-Literatur, -CDs und ortstypische Souvenirs an. Das &#8222;TIC in Prenzlauer Berg&#8220; befindet sich im Maschinenhaus in der Kulturbrauerei, Sch\u00f6nhauser Allee 36, 10435 Berlin-Prenzlauer Berg. &#8222;Eberswalder Stra\u00dfe&#8220; ist der n\u00e4chste U-Bahnhof. Die \u00d6ffnungszeiten sind Sonntag bis Mittwoch von 12 &#8211; 18 Uhr, Donnerstag bis Samstag von 12 bis 20 Uhr sowie saisonale und anlassbezogene Sonder\u00f6ffnungen. Kontakt unter Tel. 030 44352170 oder hier zur <a href=\"http:\/\/www.tic-prenzlauerberg.de.\" class=\"liexternal\">Homepage<\/a> Sammlung industrielle Gestaltung Museum im Nordfl\u00fcgel der Kulturbrauerei Knaackstra\u00dfe 97 10435 Berlin 030 \/ 443 93 82 030 \/ 443 93 83 \u00d6ffnungszeiten: Mi-So 14-21 Uhr SODA Club <a href=\"http:\/\/www.soda-berlin.de\/index2.html\" class=\"liexternal\">homepage<\/a><\/span><\/strong><\/span><\/span><\/p>\n<p>&nbsp;<\/p>\n<p>&nbsp;<\/p>\n<p>&nbsp;<\/p>\n<p>&nbsp;<\/td>\n<\/tr>\n<tr>\n<td style=\"width: 179px;\" valign=\"top\" bgcolor=\"#F2F2F2\" height=\"1\">&nbsp;<\/td>\n<td style=\"width: 554px;\" valign=\"top\" bgcolor=\"#F2F2F2\" height=\"1\"><span style=\"font-size: small;\"><span style=\"font-family: arial, helvetica, sans-serif;\"><strong><span style=\"color: #000000;\">U-Bahnhof Eberswalder Stra\u00dfe<\/span><\/strong><\/span><\/span><\/p>\n<p>&nbsp;<\/p>\n<p>&nbsp;<\/p>\n<p>&nbsp;<\/p>\n<p>&nbsp;<\/p>\n<p>&nbsp;<\/td>\n<td style=\"width: 1056px;\" valign=\"top\" bgcolor=\"#F2F2F2\" height=\"1\"><span style=\"font-size: small;\"><span style=\"font-family: arial, helvetica, sans-serif;\"><strong><span style=\"color: #000000;\"> U-Bahnhof Eberswalder Stra\u00dfe, <a href=\"http:\/\/www.michaplanet.de\/welt\/bahnen\/bhf\/bu236.htm\" class=\"liexternal\">Fanseite<\/a><\/span><\/strong><\/span><\/span><\/td>\n<\/tr>\n<tr>\n<td style=\"width: 179px;\" valign=\"top\" bgcolor=\"#F2F2F2\" height=\"1\"><span style=\"font-size: small;\"><span style=\"font-family: arial, helvetica, sans-serif;\"><strong><span style=\"color: #000000;\">142<\/span><\/strong><\/span><\/span><\/td>\n<td style=\"width: 554px;\" valign=\"top\" bgcolor=\"#F2F2F2\" height=\"1\"><span style=\"font-size: small;\"><span style=\"font-family: arial, helvetica, sans-serif;\"><strong><span style=\"color: #000000;\">Restaurant Maharadscha<\/span><\/strong><\/span><\/span><\/p>\n<p>&nbsp;<\/p>\n<p>&nbsp;<\/p>\n<p>&nbsp;<\/p>\n<p>&nbsp;<\/p>\n<p>&nbsp;<\/td>\n<td style=\"width: 1056px;\" valign=\"top\" bgcolor=\"#F2F2F2\" height=\"1\"><span style=\"font-size: small;\"><span style=\"font-family: arial, helvetica, sans-serif;\"><strong><span style=\"color: #000000;\">Restaurant Maharadscha<br \/>\nTEL: 030 4 48 51 72 \/ 4 48 14 71, <a href=\"mailto:maharadscha_restaurant@hotmail.com\" class=\"limailto\">eMail<\/a> <small style=\"font-family: arial, helvetica, sans-serif;\">Inhaber: Joshi Ravinder<\/small><\/span><\/strong><\/span><\/span><\/td>\n<\/tr>\n<tr>\n<td style=\"width: 179px;\" valign=\"top\" bgcolor=\"#F2F2F2\" height=\"1\">&nbsp;<\/td>\n<td style=\"width: 554px;\" valign=\"top\" bgcolor=\"#F2F2F2\" height=\"1\"><span style=\"font-size: small;\"><span style=\"font-family: arial, helvetica, sans-serif;\"><strong><span style=\"color: #000000;\">&nbsp;<\/span><\/strong><\/span><\/span><\/p>\n<p>&nbsp;<\/p>\n<p>&nbsp;<\/p>\n<p>&nbsp;<\/p>\n<p>&nbsp;<\/td>\n<td style=\"width: 1056px;\" valign=\"top\" bgcolor=\"#F2F2F2\" height=\"1\"><span style=\"font-size: small;\"><span style=\"font-family: arial, helvetica, sans-serif;\"><strong><span style=\"color: #000000;\">gleich hinter dem U-Bahnhof Eberswalder (stadtausw\u00e4rts) liegt links das gr\u00f6\u00dfte Sportgel\u00e4nde des Stadtbezirks, ua. mit dem <a href=\"http:\/\/www.nordostfussball.de\/stadien\/stberlin\/friedrich-ludwig-jahn-sportpark\/index.php\" class=\"liexternal\"> Cantian-Stadion<\/a> und der <a href=\"http:\/\/www.max-schmeling-halle.de\/\" class=\"liexternal\"> Schmeling-Halle<\/a><\/span><\/strong><\/span><\/span><\/td>\n<\/tr>\n<tr>\n<td style=\"width: 179px;\" valign=\"top\" bgcolor=\"#F2F2F2\" height=\"1\"><span style=\"font-size: small;\"><span style=\"font-family: arial, helvetica, sans-serif;\"><strong><span style=\"color: #000000;\"> 73<\/span><\/strong><\/span><\/span><\/td>\n<td style=\"width: 554px;\" valign=\"top\" bgcolor=\"#F2F2F2\" height=\"1\"><span style=\"font-size: small;\"><span style=\"font-family: arial, helvetica, sans-serif;\"><strong><span style=\"color: #000000;\">MIME CENTRUM BERLIN<\/span><\/strong><\/span><\/span><\/td>\n<td style=\"width: 1056px;\" valign=\"top\" bgcolor=\"#F2F2F2\" height=\"1\"><span style=\"font-size: small;\"><span style=\"font-family: arial, helvetica, sans-serif;\"><strong><span style=\"color: #000000;\">Das MIME CENTRUM BERLIN ist ein offener Ort der Weiterbildung, der Kooperation und des internationalen Austausches. <a href=\"http:\/\/www.mimecentrum.de\/\" style=\"text-decoration: none;\" class=\"liexternal\">Programm hier<\/a>, 10437 Berlin<br \/>\n<\/span><\/strong><\/span><\/span><\/td>\n<\/tr>\n<tr>\n<td style=\"width: 179px;\" valign=\"top\" bgcolor=\"#F2F2F2\" height=\"1\">&nbsp;<\/td>\n<td style=\"width: 554px;\" valign=\"top\" bgcolor=\"#F2F2F2\" height=\"1\">&nbsp;<\/td>\n<td style=\"width: 1056px;\" valign=\"top\" bgcolor=\"#F2F2F2\" height=\"1\">&nbsp;<\/td>\n<\/tr>\n<tr>\n<td style=\"width: 179px;\" valign=\"top\" bgcolor=\"#F2F2F2\" height=\"157\"><span style=\"font-size: small;\"><span style=\"font-family: arial, helvetica, sans-serif;\"><strong><span style=\"color: #000000;\"> 90<\/span><\/strong><\/span><\/span><\/td>\n<td style=\"width: 554px;\" valign=\"top\" bgcolor=\"#F2F2F2\" height=\"157\"><span style=\"font-size: small;\"><span style=\"font-family: arial, helvetica, sans-serif;\"><strong><span style=\"color: #000000;\">B\u00e4renh\u00f6hle<\/span><\/strong><\/span><\/span><\/p>\n<p>&nbsp;<\/td>\n<td style=\"width: 1056px;\" valign=\"top\" bgcolor=\"#F2F2F2\" height=\"157\"><span style=\"font-size: small;\"><span style=\"font-family: arial, helvetica, sans-serif;\"><strong><span style=\"color: #000000;\"> B\u00e4renh\u00f6hle eine kleine gem\u00fctliche Bar, wo Mann sich trifft und sich kennen lernen kann. 10439 Berlin Tel. 030 &#8211; 44 73 65 53 t\u00e4glich 16 &#8211; 6 Uhr <\/span><\/strong><\/span><\/span><\/td>\n<\/tr>\n<tr>\n<td style=\"width: 179px;\" valign=\"top\" bgcolor=\"#F2F2F2\" height=\"96\">&nbsp;<\/td>\n<td style=\"width: 554px;\" valign=\"top\" bgcolor=\"#F2F2F2\" height=\"96\">&nbsp;<\/td>\n<td style=\"width: 1056px;\" valign=\"top\" bgcolor=\"#F2F2F2\" height=\"96\">&nbsp;<\/td>\n<\/tr>\n<tr>\n<td style=\"width: 179px;\" valign=\"top\" bgcolor=\"#F2F2F2\" height=\"152\"><span style=\"font-family: Arial; font-size: small;\"><span class=\"text\"><span style=\"font-size: small;\"><span style=\"font-family: arial, helvetica, sans-serif;\"><strong><span style=\"color: #000000;\">80 <\/span><\/strong><\/span><\/span><\/span><\/span><\/td>\n<td style=\"width: 554px;\" valign=\"top\" bgcolor=\"#F2F2F2\" height=\"152\"><span style=\"font-size: small;\"><span style=\"font-family: arial, helvetica, sans-serif;\"><strong><span style=\"color: #000000;\"><span class=\"text\"> <a href=\"http:\/\/www.schoenhauser-allee-arcaden.de\/standort\/index.html\" class=\"liexternal\"> Sch\u00f6nhauser Allee Arcaden<\/a><\/span><\/span><\/strong><\/span><\/span><\/p>\n<p>&nbsp;<\/td>\n<td style=\"width: 1056px;\" valign=\"top\" bgcolor=\"#F2F2F2\" height=\"152\"><span style=\"font-size: small;\"><span style=\"font-family: arial, helvetica, sans-serif;\"><strong><span style=\"color: #000000;\"><span class=\"text\">10439 Berlin<\/span> Telefon 030\/44 711 711 <a href=\"http:\/\/www.schoenhauser-allee-arcaden.de\/\" class=\"liexternal\">http:\/\/www.schoenhauser-allee-arcaden.de\/<\/a><\/span><\/strong><\/span><\/span><\/td>\n<\/tr>\n<tr>\n<td style=\"width: 179px;\" valign=\"top\" bgcolor=\"#F2F2F2\" height=\"148\">&nbsp;<\/td>\n<td style=\"width: 554px;\" valign=\"top\" bgcolor=\"#F2F2F2\" height=\"148\"><span style=\"font-size: small;\"><span style=\"font-family: arial, helvetica, sans-serif;\"><strong><span style=\"color: #000000;\"> <a href=\"http:\/\/www.michaplanet.de\/welt\/bahnen\/bhf\/bu235.htm\" class=\"liexternal\"> U-Bahnhof Sch\u00f6nhauser Allee<\/a><\/span><\/strong><\/span><\/span><\/p>\n<p>&nbsp;<\/td>\n<td style=\"width: 1056px;\" valign=\"top\" bgcolor=\"#F2F2F2\" height=\"148\"><span style=\"font-size: small;\"><span style=\"font-family: arial, helvetica, sans-serif;\"><strong><span style=\"color: #000000;\">Am Bahnhof Sch\u00f6nhauser Allee sieht der erstaunte Besucher die Untergrundbahn \u00fcber seinem Kopf und die S-Bahn unter seinen F\u00fc\u00dfen fahren. <a href=\"http:\/\/www.michaplanet.de\/welt\/bahnen\/berlin-u.htm#l2\" class=\"liexternal\"> die U2 entlang<\/a> Pankow-Vinetastra\u00dfe, Sch\u00f6nhauser Allee, Eberswalder, Senefelder, Rosa-Luxemburgplatz<\/span><\/strong><\/span><\/span><\/td>\n<\/tr>\n<tr>\n<td style=\"width: 179px;\" valign=\"top\" bgcolor=\"#F2F2F2\" height=\"159\"><span style=\"font-size: small;\"><span style=\"font-family: arial, helvetica, sans-serif;\"><strong><span style=\"color: #000000;\"> 57<\/span><\/strong><\/span><\/span><\/td>\n<td style=\"width: 554px;\" valign=\"top\" bgcolor=\"#F2F2F2\" height=\"159\"><span style=\"font-size: small;\"><span style=\"font-family: arial, helvetica, sans-serif;\"><strong><span style=\"color: #000000;\"> Ambiguitariat des DRK<\/span><\/strong><\/span><\/span><\/td>\n<td style=\"width: 1056px;\" valign=\"top\" bgcolor=\"#F2F2F2\" height=\"159\"><span style=\"font-size: small;\"><span style=\"font-family: arial, helvetica, sans-serif;\"><strong><span style=\"color: #000000;\"> Berlin-Prenzlauer Berg Sch\u00f6nhauser Allee 57 (nahe U-Bahnhof Eberswalder Stra\u00dfe). \u00d6ffnungszeiten: Mo &#8211; Fr 11-19 Uhr Telefon: (030) 47 37 88 10 E-Mail <a href=\"mailto:secondhand@drk-wedpre.de\" style=\"color: blue; text-decoration: underline;\" class=\"limailto\"> secondhand@drk-wedpre.de<\/a><\/span><\/strong><\/span><\/span><\/td>\n<\/tr>\n<tr>\n<td style=\"width: 179px;\" valign=\"top\" bgcolor=\"#F2F2F2\" height=\"177\"><span style=\"font-family: Arial; font-size: small;\"><span class=\"itemtext\"><span style=\"font-size: small;\"><span style=\"font-family: arial, helvetica, sans-serif;\"><strong><span style=\"color: #000000;\"> 118a<\/span><\/strong><\/span><\/span><\/span><\/span><\/td>\n<td style=\"width: 554px;\" valign=\"top\" bgcolor=\"#F2F2F2\" height=\"177\"><span style=\"font-size: small;\"><span style=\"font-family: arial, helvetica, sans-serif;\"><span class=\"itemtitle\"><strong><span style=\"color: #000000;\">Oxfam<\/span><\/strong><\/span><\/span><\/span><\/p>\n<p>&nbsp;<\/td>\n<td style=\"width: 1056px;\" valign=\"top\" bgcolor=\"#F2F2F2\" height=\"177\"><span style=\"font-size: small;\"><span style=\"font-family: arial, helvetica, sans-serif;\"><strong><span style=\"color: #000000;\"><span class=\"itemtitle\"> <a href=\"http:\/\/www.oxfam.de\/shop.asp?id=14\" class=\"liexternal\">Oxfam&nbsp;Shop&nbsp;Berlin<\/a><\/span> <span class=\"itemtext\">10437&nbsp;Berlin\/ Prenzlauer Berg Tel:&nbsp;030 &#8211; 4172 5474 Fax:&nbsp;030 &#8211; 4172 5890\u00d6ffnungszeiten: Mo-Fr: 10.00 &#8211; 19.00 Sa: 10.00 &#8211; 14.00 <\/span><\/span><\/strong><\/span><\/span><\/td>\n<\/tr>\n<tr>\n<td style=\"width: 179px;\" valign=\"top\" bgcolor=\"#F2F2F2\" height=\"115\"><span style=\"font-size: small;\"><span style=\"font-family: arial, helvetica, sans-serif;\"><strong><span style=\"color: #000000;\"> 114<\/span><\/strong><\/span><\/span><\/td>\n<td style=\"width: 554px;\" valign=\"top\" bgcolor=\"#F2F2F2\" height=\"115\"><span style=\"font-size: small;\"><span style=\"font-family: arial, helvetica, sans-serif;\"><strong><span style=\"color: #000000;\"> O<sub>2<\/sub> Partner Shop<\/span><\/strong><\/span><\/span><\/td>\n<td style=\"width: 1056px;\" valign=\"top\" bgcolor=\"#F2F2F2\" height=\"115\"><span style=\"font-size: small;\"><span style=\"font-family: arial, helvetica, sans-serif;\"><strong><span style=\"color: #000000;\">O<sub>2<\/sub> Partner Shop<br \/>\nInhaber: Connexx Handelsgesellschaft mbH 10439 Berlin <a href=\"mailto:info@o2-berlin.de?subject=Anfrage\" style=\"text-decoration: none;\" class=\"limailto\"> info@o2-berlin.de<\/a> <a href=\"http:\/\/www.o2-berlin.de\/partnershop.htm\" class=\"liexternal\">mit Onlineshop<\/a><\/span><\/strong><\/span><\/span><\/td>\n<\/tr>\n<tr>\n<td style=\"width: 179px;\" valign=\"top\" bgcolor=\"#F2F2F2\" height=\"220\"><span style=\"font-size: small;\"><span style=\"font-family: arial, helvetica, sans-serif;\"><strong><span style=\"color: #000000;\"> 144<\/span><\/strong><\/span><\/span><\/td>\n<td style=\"width: 554px;\" valign=\"top\" bgcolor=\"#F2F2F2\" height=\"220\"><span style=\"font-size: small;\"><span style=\"font-family: arial, helvetica, sans-serif;\"><strong><span style=\"color: #000000;\">Fleischerei Mischke<\/span><\/strong><\/span><\/span><\/p>\n<p>&nbsp;<\/td>\n<td style=\"width: 1056px;\" valign=\"top\" bgcolor=\"#F2F2F2\" height=\"220\"><span style=\"font-size: small;\"><span style=\"font-family: arial, helvetica, sans-serif;\"><strong><span style=\"color: #000000;\"><a href=\"http:\/\/www.fleischerei-mischke.de\" class=\"liexternal\"> Fleischerei Mischke<\/a><br \/>\nSch\u00f6nhauser Allee 144, 10435 Berlin-Pankow (direkt am Bahnhof Eberswalder Stra\u00dfe U2) Tel.: 030 &#8211; 449 54 75 \u00d6ffnungszeiten Mo-Fr: 8.00 bis 18.30 Uhr Sa: 9.00 bis 13.00 Uhr <a href=\"mailto:info@fleischerei-mischke.de\" class=\"limailto\">info@fleischerei-mischke.de<\/a> <\/span><\/strong><\/span><\/span><\/td>\n<\/tr>\n<tr>\n<td style=\"width: 179px;\" valign=\"top\" bgcolor=\"#F2F2F2\" height=\"22\">&nbsp;<\/td>\n<td style=\"width: 554px;\" valign=\"top\" bgcolor=\"#F2F2F2\" height=\"22\">&nbsp;<\/td>\n<td style=\"width: 1056px;\" valign=\"top\" bgcolor=\"#F2F2F2\" height=\"22\">&nbsp;<\/td>\n<\/tr>\n<tr>\n<td style=\"width: 179px;\" valign=\"top\" bgcolor=\"#F2F2F2\" height=\"22\">&nbsp;<\/td>\n<td style=\"width: 554px;\" valign=\"top\" bgcolor=\"#F2F2F2\" height=\"22\">&nbsp;<\/td>\n<td style=\"width: 1056px;\" valign=\"top\" bgcolor=\"#F2F2F2\" height=\"22\">&nbsp;<\/td>\n<\/tr>\n<\/tbody>\n<\/table>\n<p>&nbsp;<\/p>\n","protected":false},"excerpt":{"rendered":"<p>Steigen Sie am U-Bahnhof Rosa-Luxemburg-Platz&nbsp;aus und schauen Sie sich an, was links und rechts in den letzten hundert Jahren aus der einstigen Landstra\u00dfe nach Sch\u00f6nhausen geworden ist. In den letzten &hellip; <\/p>\n","protected":false},"author":3,"featured_media":0,"comment_status":"open","ping_status":"open","sticky":false,"template":"","format":"standard","meta":{"ngg_post_thumbnail":0,"footnotes":"","_links_to":"","_links_to_target":""},"categories":[84],"tags":[],"class_list":["post-497","post","type-post","status-publish","format-standard","hentry","category-schoenhauser-allee"],"aioseo_notices":[],"_links":{"self":[{"href":"https:\/\/pension-absolutberlin.de\/reisefuehrer\/wp-json\/wp\/v2\/posts\/497","targetHints":{"allow":["GET"]}}],"collection":[{"href":"https:\/\/pension-absolutberlin.de\/reisefuehrer\/wp-json\/wp\/v2\/posts"}],"about":[{"href":"https:\/\/pension-absolutberlin.de\/reisefuehrer\/wp-json\/wp\/v2\/types\/post"}],"author":[{"embeddable":true,"href":"https:\/\/pension-absolutberlin.de\/reisefuehrer\/wp-json\/wp\/v2\/users\/3"}],"replies":[{"embeddable":true,"href":"https:\/\/pension-absolutberlin.de\/reisefuehrer\/wp-json\/wp\/v2\/comments?post=497"}],"version-history":[{"count":50,"href":"https:\/\/pension-absolutberlin.de\/reisefuehrer\/wp-json\/wp\/v2\/posts\/497\/revisions"}],"predecessor-version":[{"id":1163,"href":"https:\/\/pension-absolutberlin.de\/reisefuehrer\/wp-json\/wp\/v2\/posts\/497\/revisions\/1163"}],"wp:attachment":[{"href":"https:\/\/pension-absolutberlin.de\/reisefuehrer\/wp-json\/wp\/v2\/media?parent=497"}],"wp:term":[{"taxonomy":"category","embeddable":true,"href":"https:\/\/pension-absolutberlin.de\/reisefuehrer\/wp-json\/wp\/v2\/categories?post=497"},{"taxonomy":"post_tag","embeddable":true,"href":"https:\/\/pension-absolutberlin.de\/reisefuehrer\/wp-json\/wp\/v2\/tags?post=497"}],"curies":[{"name":"wp","href":"https:\/\/api.w.org\/{rel}","templated":true}]}}