{"id":253,"date":"2010-07-10T11:27:20","date_gmt":"2010-07-10T09:27:20","guid":{"rendered":"http:\/\/pension-absolutberlin.de\/reisefuehrer\/?p=253"},"modified":"2010-08-23T20:38:26","modified_gmt":"2010-08-23T18:38:26","slug":"fashion-week-berlin","status":"publish","type":"post","link":"https:\/\/pension-absolutberlin.de\/reisefuehrer\/fashion-week-berlin","title":{"rendered":"Fashion Week Berlin"},"content":{"rendered":"<p><a href=\"http:\/\/pension-absolutberlin.de\/reisefuehrer\/wp-content\/uploads\/2010\/07\/fashion-week-berlin-seite.jpg\" class=\"liinternal liimagelink\" data-rel=\"lightbox-image-0\" data-rl_title=\"\" data-rl_caption=\"\"><img loading=\"lazy\" decoding=\"async\" class=\"alignleft size-medium wp-image-254\" title=\"\" src=\"http:\/\/pension-absolutberlin.de\/reisefuehrer\/wp-content\/uploads\/2010\/07\/fashion-week-berlin-seite-300x115.jpg\" alt=\"\" width=\"300\" height=\"115\" srcset=\"https:\/\/pension-absolutberlin.de\/reisefuehrer\/wp-content\/uploads\/2010\/07\/fashion-week-berlin-seite-300x115.jpg 300w, https:\/\/pension-absolutberlin.de\/reisefuehrer\/wp-content\/uploads\/2010\/07\/fashion-week-berlin-seite.jpg 365w\" sizes=\"auto, (max-width: 300px) 100vw, 300px\" \/><\/a>Zahlreiche Besucher, Aussteller und Models haben Absolut Berlin Pension &amp; Apartments als ihre neue Unterkunft f\u00fcr die turbulenten Messetage entdeckt. Das liegt wohl am authentischen und geschmackvollen Ambiente der Pension und der Apartments in Mitte und Prenzlauer Berg zu super g\u00fcnstigen Preisen. Zudem nat\u00fcrlich, neben der coolen Lage, vor allem auch an der wunderbaren Verkehrsanbindung zu allen wichtigen Messe Event Hot Spots der Stadt.<br \/>\nFast alle G\u00e4ste haben bereits ihr Kommen bei der n\u00e4chste Fashion Week in Berlin angek\u00fcndigt.<\/p>\n<p><a href=\"http:\/\/www.fashion-week-berlin.com\/de\/videos\/\" title=\"Fashion Week Berlin Videos\" target=\"_blank\" class=\"liexternal\">Hier gibt es Videos zur Fashion Week auf der offiziellen Webseite der Messe.<\/a><\/p>\n","protected":false},"excerpt":{"rendered":"<p>Zahlreiche Besucher, Aussteller und Models haben Absolut Berlin Pension &amp; Apartments als ihre neue Unterkunft f\u00fcr die turbulenten Messetage entdeckt. Das liegt wohl am authentischen und geschmackvollen Ambiente der Pension &hellip; <\/p>\n","protected":false},"author":3,"featured_media":0,"comment_status":"open","ping_status":"open","sticky":false,"template":"","format":"standard","meta":{"ngg_post_thumbnail":0,"footnotes":"","_links_to":"","_links_to_target":""},"categories":[48],"tags":[45,44],"class_list":["post-253","post","type-post","status-publish","format-standard","hentry","category-archiv","tag-fashion-week","tag-messe"],"aioseo_notices":[],"_links":{"self":[{"href":"https:\/\/pension-absolutberlin.de\/reisefuehrer\/wp-json\/wp\/v2\/posts\/253","targetHints":{"allow":["GET"]}}],"collection":[{"href":"https:\/\/pension-absolutberlin.de\/reisefuehrer\/wp-json\/wp\/v2\/posts"}],"about":[{"href":"https:\/\/pension-absolutberlin.de\/reisefuehrer\/wp-json\/wp\/v2\/types\/post"}],"author":[{"embeddable":true,"href":"https:\/\/pension-absolutberlin.de\/reisefuehrer\/wp-json\/wp\/v2\/users\/3"}],"replies":[{"embeddable":true,"href":"https:\/\/pension-absolutberlin.de\/reisefuehrer\/wp-json\/wp\/v2\/comments?post=253"}],"version-history":[{"count":4,"href":"https:\/\/pension-absolutberlin.de\/reisefuehrer\/wp-json\/wp\/v2\/posts\/253\/revisions"}],"predecessor-version":[{"id":282,"href":"https:\/\/pension-absolutberlin.de\/reisefuehrer\/wp-json\/wp\/v2\/posts\/253\/revisions\/282"}],"wp:attachment":[{"href":"https:\/\/pension-absolutberlin.de\/reisefuehrer\/wp-json\/wp\/v2\/media?parent=253"}],"wp:term":[{"taxonomy":"category","embeddable":true,"href":"https:\/\/pension-absolutberlin.de\/reisefuehrer\/wp-json\/wp\/v2\/categories?post=253"},{"taxonomy":"post_tag","embeddable":true,"href":"https:\/\/pension-absolutberlin.de\/reisefuehrer\/wp-json\/wp\/v2\/tags?post=253"}],"curies":[{"name":"wp","href":"https:\/\/api.w.org\/{rel}","templated":true}]}}