{"id":1120,"date":"2018-12-27T15:30:18","date_gmt":"2018-12-27T14:30:18","guid":{"rendered":"https:\/\/pension-absolutberlin.de\/reisefuehrer\/?p=1120"},"modified":"2023-12-06T07:26:14","modified_gmt":"2023-12-06T06:26:14","slug":"galerien-im-prenzlauer-berg","status":"publish","type":"post","link":"https:\/\/pension-absolutberlin.de\/reisefuehrer\/galerien-im-prenzlauer-berg","title":{"rendered":"Galerien im Prenzlauer Berg"},"content":{"rendered":"<p>Berliner Kreativszene zeigt sich \u2014 au\u00dfer vielleicht bei der Mode \u2014 nirgends so lebendig wie am j\u00e4hrlich im April stattfindenden <a href=\"http:\/\/www.gallery-weekend-berlin.de\" class=\"liexternal\">Gallery Weekend<\/a>. Das n\u00e4chste anstehende Ereignis, das vom 26. bis zum 28. April 2024 stattfinden soll, wird bereits fieberhaft vorbereitet.<\/p>\n<p>Doch auch rund ums Jahr bieten die Berliner Galerien jede Menge Interessantes und Neuartiges. Nicht nur etablierte K\u00fcnstler stellen hier aus, gerade junge und von den Zw\u00e4ngen des Kunstmarkts noch wenig beeinflusste Kreative bekommen in kleinen, manchmal gut versteckten Ausstellungsr\u00e4umen ihre Chance, entdeckt zu werden. Zahlreiche Veranstaltungen in den Galerien wie Konzerte und Liederabende, Lesungen oder Vortr\u00e4ge laden dazu ein, sich von alten Sehgewohnheiten zu verabschieden, Einblick in Schaffensprozesse zu gewinnen und bei interessanten Gespr\u00e4chen neue Freunde kennenzulernen.<\/p>\n<p>&nbsp;<\/p>\n<p>&nbsp;<\/p>\n<figure id=\"attachment_1122\" aria-describedby=\"caption-attachment-1122\" style=\"width: 300px\" class=\"wp-caption alignleft\"><img loading=\"lazy\" decoding=\"async\" class=\"wp-image-1122 size-medium\" src=\"https:\/\/pension-absolutberlin.de\/reisefuehrer\/wp-content\/uploads\/2018\/12\/Zeisler-300x200.jpg\" alt=\"\" width=\"300\" height=\"200\" srcset=\"https:\/\/pension-absolutberlin.de\/reisefuehrer\/wp-content\/uploads\/2018\/12\/Zeisler-300x200.jpg 300w, https:\/\/pension-absolutberlin.de\/reisefuehrer\/wp-content\/uploads\/2018\/12\/Zeisler.jpg 400w\" sizes=\"auto, (max-width: 300px) 100vw, 300px\" \/><figcaption id=\"caption-attachment-1122\" class=\"wp-caption-text\">Blick in die Ausstellungsr\u00e4ume<\/figcaption><\/figure>\n<p>Eine kleine, feine Galerie in unmittelbarer N\u00e4he zur Sch\u00f6nhauser Allee und gegen\u00fcber der geschichtstr\u00e4chtigen Gethsemane-Kirche gelegen, ist die <a href=\"http:\/\/www.galerie-zeisler.de\" class=\"liexternal\">Galerie Anke Zeisler<\/a>, die bereits seit 2001 besteht und sich besonders f\u00fcr Kunstwerke interessiert, die ihren Rahmen sprengen und den Kontext von Dichtung, Musik und Philosophie herstellen. Au\u00dferdem stellt die Galerie Kontakt zu den K\u00fcnstlern her und ber\u00e4t bei der Suche nach Werken f\u00fcr Wohnung, B\u00fcro oder Praxis.<\/p>\n<p>&nbsp;<\/p>\n<p>&nbsp;<\/p>\n<p>&nbsp;<\/p>\n<p>&nbsp;<\/p>\n<p>&nbsp;<\/p>\n<figure id=\"attachment_1123\" aria-describedby=\"caption-attachment-1123\" style=\"width: 300px\" class=\"wp-caption alignleft\"><img loading=\"lazy\" decoding=\"async\" class=\"wp-image-1123 size-medium\" src=\"https:\/\/pension-absolutberlin.de\/reisefuehrer\/wp-content\/uploads\/2018\/12\/LivingGallery_Gomez_Skulptur-300x200.jpg\" alt=\"\" width=\"300\" height=\"200\" srcset=\"https:\/\/pension-absolutberlin.de\/reisefuehrer\/wp-content\/uploads\/2018\/12\/LivingGallery_Gomez_Skulptur-300x200.jpg 300w, https:\/\/pension-absolutberlin.de\/reisefuehrer\/wp-content\/uploads\/2018\/12\/LivingGallery_Gomez_Skulptur.jpg 500w\" sizes=\"auto, (max-width: 300px) 100vw, 300px\" \/><figcaption id=\"caption-attachment-1123\" class=\"wp-caption-text\">Jorge C\u00e9sar S\u00e1enz G\u00f3mez: Skulptur<\/figcaption><\/figure>\n<p>In der N\u00e4he des markanten Wasserturms und am gleichnamigen sch\u00f6nen Platz gelegen, befindet sich die <a href=\"http:\/\/www.living-gallery.de\" class=\"liexternal\">Living Gallery<\/a>, die sich zeitgen\u00f6ssischer Kunst von Malerei und Grafik \u00fcber Skulptur und Installationen bis hin zur Fotografie widmet. Abends finden gelegentlich hochkar\u00e4tige Jazzkonzerte statt \u2013 es lohnt sich also, vor einem Berlin-Besuch nachzusehen, ob gerade aktuelle Veranstaltungen angeboten werden.<\/p>\n<p>&nbsp;<\/p>\n<p>&nbsp;<\/p>\n<p>&nbsp;<\/p>\n<p>&nbsp;<\/p>\n<p>&nbsp;<\/p>\n<figure id=\"attachment_1125\" aria-describedby=\"caption-attachment-1125\" style=\"width: 196px\" class=\"wp-caption alignleft\"><img loading=\"lazy\" decoding=\"async\" class=\"wp-image-1125 size-medium\" src=\"https:\/\/pension-absolutberlin.de\/reisefuehrer\/wp-content\/uploads\/2018\/12\/Klax_Ausstellung_Besonderraum-196x300.jpg\" alt=\"\" width=\"196\" height=\"300\" srcset=\"https:\/\/pension-absolutberlin.de\/reisefuehrer\/wp-content\/uploads\/2018\/12\/Klax_Ausstellung_Besonderraum-196x300.jpg 196w, https:\/\/pension-absolutberlin.de\/reisefuehrer\/wp-content\/uploads\/2018\/12\/Klax_Ausstellung_Besonderraum.jpg 267w\" sizes=\"auto, (max-width: 196px) 100vw, 196px\" \/><figcaption id=\"caption-attachment-1125\" class=\"wp-caption-text\">Plakat zur Ausstellung BesonderRaum<\/figcaption><\/figure>\n<p>Die <a href=\"http:\/\/www.klax-galerie.de\" class=\"liexternal\">Klax Kinderkunst-Galerie<\/a> in der Sch\u00f6nhauser Allee bietet seit 1993 weit mehr als Bilder und Zeichnungen, wie man sie vom eigenen Nachwuchs gelegentlich geschenkt bekommt. Neben Werken aus den Klax-Werkst\u00e4tten werden auch Ergebnisse von Kinderkunstprojekten aus ganz Europa pr\u00e4sentiert. An manchen Wochenenden k\u00f6nnen Berlin-Besucher ihren Kindern einmal ein ganz neues Erlebnis bieten, dann n\u00e4mlich finden regelm\u00e4\u00dfig Kreativtage statt. Das Konzept der inzwischen auch in Schweden vertretenen Klax-Gruppe besteht darin, Kreativit\u00e4t zu f\u00f6rdern und in den Alltag zu integrieren. Hierzu werden Kinderkrippen und -g\u00e4rten, Schulen und Ausbildungsst\u00e4tten betrieben.<\/p>\n<p>&nbsp;<\/p>\n<p>&nbsp;<\/p>\n<p>&nbsp;<\/p>\n<p>&nbsp;<\/p>\n<p>&nbsp;<\/p>\n<p>&nbsp;<\/p>\n<p>&nbsp;<\/p>\n<p>&nbsp;<\/p>\n<figure id=\"attachment_1126\" aria-describedby=\"caption-attachment-1126\" style=\"width: 300px\" class=\"wp-caption alignleft\"><img loading=\"lazy\" decoding=\"async\" class=\"wp-image-1126 size-medium\" src=\"https:\/\/pension-absolutberlin.de\/reisefuehrer\/wp-content\/uploads\/2018\/12\/Pleiku_Oikonnen_Junnila_ProcessOfChangeIV-300x278.jpg\" alt=\"\" width=\"300\" height=\"278\" srcset=\"https:\/\/pension-absolutberlin.de\/reisefuehrer\/wp-content\/uploads\/2018\/12\/Pleiku_Oikonnen_Junnila_ProcessOfChangeIV-300x278.jpg 300w, https:\/\/pension-absolutberlin.de\/reisefuehrer\/wp-content\/uploads\/2018\/12\/Pleiku_Oikonnen_Junnila_ProcessOfChangeIV-768x712.jpg 768w, https:\/\/pension-absolutberlin.de\/reisefuehrer\/wp-content\/uploads\/2018\/12\/Pleiku_Oikonnen_Junnila_ProcessOfChangeIV-647x600.jpg 647w, https:\/\/pension-absolutberlin.de\/reisefuehrer\/wp-content\/uploads\/2018\/12\/Pleiku_Oikonnen_Junnila_ProcessOfChangeIV.jpg 863w\" sizes=\"auto, (max-width: 300px) 100vw, 300px\" \/><figcaption id=\"caption-attachment-1126\" class=\"wp-caption-text\">Tuuli Oikkonen und Lasse Junnila: Process of Change IV<\/figcaption><\/figure>\n<p>Im \u00f6stlichen Teil des Prenzlauer Bergs pr\u00e4sentiert die <a href=\"http:\/\/www.galeriepleiku.com\" class=\"liexternal\">Galerie Pleiku<\/a> Kunstwerke aktueller finnischer K\u00fcnstler; dazu gibt es gelegentlich finnische Konzerte. Noch immer f\u00fchrt die einzigartige Kombination aus Wohlfahrtsstaat und Modernit\u00e4t mit europ\u00e4ischer Randlage, N\u00e4he zu Russland und viel, viel Natur und Einsamkeit dazu, dass finnische bildende Kunst etwas Besonderes darstellt \u2014 oftmals mit magisch-meditativen Einschl\u00e4gen, gelegentlich melancholisch, gern auch provozierend. Bei Pleiku lernt der Besucher etwas \u00fcber den finnischen Blick auf die Welt, der starke Gegens\u00e4tze in sich vereint, was sich oftmals in besonderer Kreativit\u00e4t ausdr\u00fcckt.<\/p>\n","protected":false},"excerpt":{"rendered":"<p>Berliner Kreativszene zeigt sich \u2014 au\u00dfer vielleicht bei der Mode \u2014 nirgends so lebendig wie am j\u00e4hrlich im April stattfindenden Gallery Weekend. Das n\u00e4chste anstehende Ereignis, das vom 26. bis &hellip; <\/p>\n","protected":false},"author":3,"featured_media":1126,"comment_status":"open","ping_status":"open","sticky":false,"template":"","format":"standard","meta":{"ngg_post_thumbnail":0,"footnotes":"","_links_to":"","_links_to_target":""},"categories":[92],"tags":[123,122,126,125,124],"class_list":["post-1120","post","type-post","status-publish","format-standard","has-post-thumbnail","hentry","category-glosse","tag-anke-zeisler","tag-galerie","tag-galerie-pleiku","tag-klax-kinderkunst-galerie","tag-living-gallery"],"aioseo_notices":[],"_links":{"self":[{"href":"https:\/\/pension-absolutberlin.de\/reisefuehrer\/wp-json\/wp\/v2\/posts\/1120","targetHints":{"allow":["GET"]}}],"collection":[{"href":"https:\/\/pension-absolutberlin.de\/reisefuehrer\/wp-json\/wp\/v2\/posts"}],"about":[{"href":"https:\/\/pension-absolutberlin.de\/reisefuehrer\/wp-json\/wp\/v2\/types\/post"}],"author":[{"embeddable":true,"href":"https:\/\/pension-absolutberlin.de\/reisefuehrer\/wp-json\/wp\/v2\/users\/3"}],"replies":[{"embeddable":true,"href":"https:\/\/pension-absolutberlin.de\/reisefuehrer\/wp-json\/wp\/v2\/comments?post=1120"}],"version-history":[{"count":6,"href":"https:\/\/pension-absolutberlin.de\/reisefuehrer\/wp-json\/wp\/v2\/posts\/1120\/revisions"}],"predecessor-version":[{"id":1211,"href":"https:\/\/pension-absolutberlin.de\/reisefuehrer\/wp-json\/wp\/v2\/posts\/1120\/revisions\/1211"}],"wp:featuredmedia":[{"embeddable":true,"href":"https:\/\/pension-absolutberlin.de\/reisefuehrer\/wp-json\/wp\/v2\/media\/1126"}],"wp:attachment":[{"href":"https:\/\/pension-absolutberlin.de\/reisefuehrer\/wp-json\/wp\/v2\/media?parent=1120"}],"wp:term":[{"taxonomy":"category","embeddable":true,"href":"https:\/\/pension-absolutberlin.de\/reisefuehrer\/wp-json\/wp\/v2\/categories?post=1120"},{"taxonomy":"post_tag","embeddable":true,"href":"https:\/\/pension-absolutberlin.de\/reisefuehrer\/wp-json\/wp\/v2\/tags?post=1120"}],"curies":[{"name":"wp","href":"https:\/\/api.w.org\/{rel}","templated":true}]}}